{"id":4418,"date":"2025-06-21T05:13:51","date_gmt":"2025-06-21T04:13:51","guid":{"rendered":"https:\/\/cavitetimesjournal.net\/?p=4418"},"modified":"2025-06-21T05:13:52","modified_gmt":"2025-06-21T04:13:52","slug":"cavite-participates-in-the-127th-commemoration-of-philippine-independence","status":"publish","type":"post","link":"https:\/\/cavitetimesjournal.net\/index.php\/2025\/06\/21\/cavite-participates-in-the-127th-commemoration-of-philippine-independence\/","title":{"rendered":"Cavite participates in the 127th commemoration of Philippine Independence"},"content":{"rendered":"\n<p><\/p>\n\n\n\n<p>Cavite province joined the 127th celebration of Philippine Independence organized by the National Historical Commission of the Philippines (NHCP) on June 12 at the Rizal Park in Manila. The province showcased its crucial role in the fight for freedom as it staged the unfurling of Philippine Flag in the Battle of Alapan and the proclamation of independence at the balcony of Gen. Emilio Aguinaldo&#8217;s mansion in Kawit through a history-telling float co-presented by the Provincial Government of Cavite, the City of Imus and Cavite City, and the Municipality of Kawit.<\/p>\n\n\n\n<p>Bannering the theme, \u201cKalayaan. Kinabukasan. Kasaysayan.\u201d, the program commenced with a flag-raising ceremony led by His Excellency, President Ferdinand R. Marcos, Jr. followed by wreath-laying rites by the President together with NHCP Chair Regalado Trota Jose, Jr. and Armed Forces of the Philippines Chief of Staff General Romeo Brawner.<\/p>\n\n\n\n<p>During the program, President Marcos reminded the public that freedom and democracy must be nurtured, safeguarded, and fought for. He urged everyone to honor the sacrifices of the heroes of the revolution and called on civil servants to be more responsive to the needs of the people, enhance the quality of public service, and improve practices to better serve the nation.<\/p>\n\n\n\n<p>The formal rites were followed by the festive Parada ng Kalayaan 2025 where floats from different provinces, cities and municipalities were displayed depicting the different historical events leading to independence. Cavite&#8217;s float brought history to life through a powerful performance by the Republica Filipina Reenactment Group.<\/p>\n\n\n\n<p>Festival performances were also showcased in the parade including the Paru-paro Festival of the City of Dasmari\u00f1as performed by students from Dasmari\u00f1as North National High School, Dasmari\u00f1as East Integrated High School, Salawag National High School, and Francisco E. Barzaga Integrated High School.<\/p>\n\n\n\n<p>Cavite&#8217;s participation to the 127th Independence Day celebration was spearheaded by the Office of the Provincial Tourism Officer headed by Ms. Elinia Imelda Rozelle Sangalang, in coordination with other local government units and stakeholders in the province.&#8212;E. Reyes<\/p>\n","protected":false},"excerpt":{"rendered":"<p>Cavite province joined the 127th celebration of Philippine Independence organized by the National Historical Commission of the Philippines (NHCP) on<\/p>\n","protected":false},"author":2,"featured_media":4419,"comment_status":"open","ping_status":"open","sticky":false,"template":"","format":"standard","meta":{"colormag_page_container_layout":"default_layout","colormag_page_sidebar_layout":"default_layout","om_disable_all_campaigns":false,"_monsterinsights_skip_tracking":false,"_monsterinsights_sitenote_active":false,"_monsterinsights_sitenote_note":"","_monsterinsights_sitenote_category":0,"footnotes":""},"categories":[46,59,44,8],"tags":[],"class_list":["post-4418","post","type-post","status-publish","format-standard","has-post-thumbnail","hentry","category-cavite","category-event","category-national","category-news"],"aioseo_notices":[],"yoast_head":"<!-- This site is optimized with the Yoast SEO plugin v26.8 - https:\/\/yoast.com\/product\/yoast-seo-wordpress\/ -->\n<title>Cavite participates in the 127th commemoration of Philippine Independence - CAVITE TIMES JOURNAL<\/title>\n<meta name=\"robots\" content=\"index, follow, max-snippet:-1, max-image-preview:large, max-video-preview:-1\" \/>\n<link rel=\"canonical\" href=\"https:\/\/cavitetimesjournal.net\/index.php\/2025\/06\/21\/cavite-participates-in-the-127th-commemoration-of-philippine-independence\/\" \/>\n<meta property=\"og:locale\" content=\"en_US\" \/>\n<meta property=\"og:type\" content=\"article\" \/>\n<meta property=\"og:title\" content=\"Cavite participates in the 127th commemoration of Philippine Independence - CAVITE TIMES JOURNAL\" \/>\n<meta property=\"og:description\" content=\"Cavite province joined the 127th celebration of Philippine Independence organized by the National Historical Commission of the Philippines (NHCP) on\" \/>\n<meta property=\"og:url\" content=\"https:\/\/cavitetimesjournal.net\/index.php\/2025\/06\/21\/cavite-participates-in-the-127th-commemoration-of-philippine-independence\/\" \/>\n<meta property=\"og:site_name\" content=\"CAVITE TIMES JOURNAL\" \/>\n<meta property=\"article:published_time\" content=\"2025-06-21T04:13:51+00:00\" \/>\n<meta property=\"article:modified_time\" content=\"2025-06-21T04:13:52+00:00\" \/>\n<meta property=\"og:image\" content=\"https:\/\/cavitetimesjournal.net\/wp-content\/uploads\/2025\/06\/Picture5.jpg\" \/>\n\t<meta property=\"og:image:width\" content=\"1110\" \/>\n\t<meta property=\"og:image:height\" content=\"666\" \/>\n\t<meta property=\"og:image:type\" content=\"image\/jpeg\" \/>\n<meta name=\"author\" content=\"CAVITE TIMES JOURNAL\" \/>\n<meta name=\"twitter:card\" content=\"summary_large_image\" \/>\n<meta name=\"twitter:label1\" content=\"Written by\" \/>\n\t<meta name=\"twitter:data1\" content=\"CAVITE TIMES JOURNAL\" \/>\n\t<meta name=\"twitter:label2\" content=\"Est. reading time\" \/>\n\t<meta name=\"twitter:data2\" content=\"2 minutes\" \/>\n<script type=\"application\/ld+json\" class=\"yoast-schema-graph\">{\"@context\":\"https:\/\/schema.org\",\"@graph\":[{\"@type\":\"Article\",\"@id\":\"https:\/\/cavitetimesjournal.net\/index.php\/2025\/06\/21\/cavite-participates-in-the-127th-commemoration-of-philippine-independence\/#article\",\"isPartOf\":{\"@id\":\"https:\/\/cavitetimesjournal.net\/index.php\/2025\/06\/21\/cavite-participates-in-the-127th-commemoration-of-philippine-independence\/\"},\"author\":{\"name\":\"CAVITE TIMES JOURNAL\",\"@id\":\"https:\/\/cavitetimesjournal.net\/#\/schema\/person\/bd853cb635a9b7d9aa2333fe921239a8\"},\"headline\":\"Cavite participates in the 127th commemoration of Philippine Independence\",\"datePublished\":\"2025-06-21T04:13:51+00:00\",\"dateModified\":\"2025-06-21T04:13:52+00:00\",\"mainEntityOfPage\":{\"@id\":\"https:\/\/cavitetimesjournal.net\/index.php\/2025\/06\/21\/cavite-participates-in-the-127th-commemoration-of-philippine-independence\/\"},\"wordCount\":340,\"commentCount\":0,\"publisher\":{\"@id\":\"https:\/\/cavitetimesjournal.net\/#organization\"},\"image\":{\"@id\":\"https:\/\/cavitetimesjournal.net\/index.php\/2025\/06\/21\/cavite-participates-in-the-127th-commemoration-of-philippine-independence\/#primaryimage\"},\"thumbnailUrl\":\"https:\/\/cavitetimesjournal.net\/wp-content\/uploads\/2025\/06\/Picture5.jpg\",\"articleSection\":[\"CAVITE\",\"EVENT\",\"NATIONAL\",\"News\"],\"inLanguage\":\"en-US\",\"potentialAction\":[{\"@type\":\"CommentAction\",\"name\":\"Comment\",\"target\":[\"https:\/\/cavitetimesjournal.net\/index.php\/2025\/06\/21\/cavite-participates-in-the-127th-commemoration-of-philippine-independence\/#respond\"]}]},{\"@type\":\"WebPage\",\"@id\":\"https:\/\/cavitetimesjournal.net\/index.php\/2025\/06\/21\/cavite-participates-in-the-127th-commemoration-of-philippine-independence\/\",\"url\":\"https:\/\/cavitetimesjournal.net\/index.php\/2025\/06\/21\/cavite-participates-in-the-127th-commemoration-of-philippine-independence\/\",\"name\":\"Cavite participates in the 127th commemoration of Philippine Independence - CAVITE TIMES JOURNAL\",\"isPartOf\":{\"@id\":\"https:\/\/cavitetimesjournal.net\/#website\"},\"primaryImageOfPage\":{\"@id\":\"https:\/\/cavitetimesjournal.net\/index.php\/2025\/06\/21\/cavite-participates-in-the-127th-commemoration-of-philippine-independence\/#primaryimage\"},\"image\":{\"@id\":\"https:\/\/cavitetimesjournal.net\/index.php\/2025\/06\/21\/cavite-participates-in-the-127th-commemoration-of-philippine-independence\/#primaryimage\"},\"thumbnailUrl\":\"https:\/\/cavitetimesjournal.net\/wp-content\/uploads\/2025\/06\/Picture5.jpg\",\"datePublished\":\"2025-06-21T04:13:51+00:00\",\"dateModified\":\"2025-06-21T04:13:52+00:00\",\"breadcrumb\":{\"@id\":\"https:\/\/cavitetimesjournal.net\/index.php\/2025\/06\/21\/cavite-participates-in-the-127th-commemoration-of-philippine-independence\/#breadcrumb\"},\"inLanguage\":\"en-US\",\"potentialAction\":[{\"@type\":\"ReadAction\",\"target\":[\"https:\/\/cavitetimesjournal.net\/index.php\/2025\/06\/21\/cavite-participates-in-the-127th-commemoration-of-philippine-independence\/\"]}]},{\"@type\":\"ImageObject\",\"inLanguage\":\"en-US\",\"@id\":\"https:\/\/cavitetimesjournal.net\/index.php\/2025\/06\/21\/cavite-participates-in-the-127th-commemoration-of-philippine-independence\/#primaryimage\",\"url\":\"https:\/\/cavitetimesjournal.net\/wp-content\/uploads\/2025\/06\/Picture5.jpg\",\"contentUrl\":\"https:\/\/cavitetimesjournal.net\/wp-content\/uploads\/2025\/06\/Picture5.jpg\",\"width\":1110,\"height\":666},{\"@type\":\"BreadcrumbList\",\"@id\":\"https:\/\/cavitetimesjournal.net\/index.php\/2025\/06\/21\/cavite-participates-in-the-127th-commemoration-of-philippine-independence\/#breadcrumb\",\"itemListElement\":[{\"@type\":\"ListItem\",\"position\":1,\"name\":\"Home\",\"item\":\"https:\/\/cavitetimesjournal.net\/\"},{\"@type\":\"ListItem\",\"position\":2,\"name\":\"Cavite participates in the 127th commemoration of Philippine Independence\"}]},{\"@type\":\"WebSite\",\"@id\":\"https:\/\/cavitetimesjournal.net\/#website\",\"url\":\"https:\/\/cavitetimesjournal.net\/\",\"name\":\"CAVITE TIMES JOURNAL\",\"description\":\"PAHAYAGAN NG TUNAY NA CAVITE\u00d1O\",\"publisher\":{\"@id\":\"https:\/\/cavitetimesjournal.net\/#organization\"},\"potentialAction\":[{\"@type\":\"SearchAction\",\"target\":{\"@type\":\"EntryPoint\",\"urlTemplate\":\"https:\/\/cavitetimesjournal.net\/?s={search_term_string}\"},\"query-input\":{\"@type\":\"PropertyValueSpecification\",\"valueRequired\":true,\"valueName\":\"search_term_string\"}}],\"inLanguage\":\"en-US\"},{\"@type\":\"Organization\",\"@id\":\"https:\/\/cavitetimesjournal.net\/#organization\",\"name\":\"CAVITE TIMES JOURNAL\",\"url\":\"https:\/\/cavitetimesjournal.net\/\",\"logo\":{\"@type\":\"ImageObject\",\"inLanguage\":\"en-US\",\"@id\":\"https:\/\/cavitetimesjournal.net\/#\/schema\/logo\/image\/\",\"url\":\"https:\/\/cavitetimesjournal.net\/wp-content\/uploads\/2023\/11\/CTJ-LOGO.jpg\",\"contentUrl\":\"https:\/\/cavitetimesjournal.net\/wp-content\/uploads\/2023\/11\/CTJ-LOGO.jpg\",\"width\":360,\"height\":100,\"caption\":\"CAVITE TIMES JOURNAL\"},\"image\":{\"@id\":\"https:\/\/cavitetimesjournal.net\/#\/schema\/logo\/image\/\"}},{\"@type\":\"Person\",\"@id\":\"https:\/\/cavitetimesjournal.net\/#\/schema\/person\/bd853cb635a9b7d9aa2333fe921239a8\",\"name\":\"CAVITE TIMES JOURNAL\",\"image\":{\"@type\":\"ImageObject\",\"inLanguage\":\"en-US\",\"@id\":\"https:\/\/cavitetimesjournal.net\/#\/schema\/person\/image\/\",\"url\":\"https:\/\/secure.gravatar.com\/avatar\/b63de9ec9d02248cd7554f8b3d2c2941?s=96&d=mm&r=g\",\"contentUrl\":\"https:\/\/secure.gravatar.com\/avatar\/b63de9ec9d02248cd7554f8b3d2c2941?s=96&d=mm&r=g\",\"caption\":\"CAVITE TIMES JOURNAL\"},\"url\":\"https:\/\/cavitetimesjournal.net\/author\/ctj_ronalyn\/\"}]}<\/script>\n<!-- \/ Yoast SEO plugin. -->","yoast_head_json":{"title":"Cavite participates in the 127th commemoration of Philippine Independence - CAVITE TIMES JOURNAL","robots":{"index":"index","follow":"follow","max-snippet":"max-snippet:-1","max-image-preview":"max-image-preview:large","max-video-preview":"max-video-preview:-1"},"canonical":"https:\/\/cavitetimesjournal.net\/index.php\/2025\/06\/21\/cavite-participates-in-the-127th-commemoration-of-philippine-independence\/","og_locale":"en_US","og_type":"article","og_title":"Cavite participates in the 127th commemoration of Philippine Independence - CAVITE TIMES JOURNAL","og_description":"Cavite province joined the 127th celebration of Philippine Independence organized by the National Historical Commission of the Philippines (NHCP) on","og_url":"https:\/\/cavitetimesjournal.net\/index.php\/2025\/06\/21\/cavite-participates-in-the-127th-commemoration-of-philippine-independence\/","og_site_name":"CAVITE TIMES JOURNAL","article_published_time":"2025-06-21T04:13:51+00:00","article_modified_time":"2025-06-21T04:13:52+00:00","og_image":[{"width":1110,"height":666,"url":"https:\/\/cavitetimesjournal.net\/wp-content\/uploads\/2025\/06\/Picture5.jpg","type":"image\/jpeg"}],"author":"CAVITE TIMES JOURNAL","twitter_card":"summary_large_image","twitter_misc":{"Written by":"CAVITE TIMES JOURNAL","Est. reading time":"2 minutes"},"schema":{"@context":"https:\/\/schema.org","@graph":[{"@type":"Article","@id":"https:\/\/cavitetimesjournal.net\/index.php\/2025\/06\/21\/cavite-participates-in-the-127th-commemoration-of-philippine-independence\/#article","isPartOf":{"@id":"https:\/\/cavitetimesjournal.net\/index.php\/2025\/06\/21\/cavite-participates-in-the-127th-commemoration-of-philippine-independence\/"},"author":{"name":"CAVITE TIMES JOURNAL","@id":"https:\/\/cavitetimesjournal.net\/#\/schema\/person\/bd853cb635a9b7d9aa2333fe921239a8"},"headline":"Cavite participates in the 127th commemoration of Philippine Independence","datePublished":"2025-06-21T04:13:51+00:00","dateModified":"2025-06-21T04:13:52+00:00","mainEntityOfPage":{"@id":"https:\/\/cavitetimesjournal.net\/index.php\/2025\/06\/21\/cavite-participates-in-the-127th-commemoration-of-philippine-independence\/"},"wordCount":340,"commentCount":0,"publisher":{"@id":"https:\/\/cavitetimesjournal.net\/#organization"},"image":{"@id":"https:\/\/cavitetimesjournal.net\/index.php\/2025\/06\/21\/cavite-participates-in-the-127th-commemoration-of-philippine-independence\/#primaryimage"},"thumbnailUrl":"https:\/\/cavitetimesjournal.net\/wp-content\/uploads\/2025\/06\/Picture5.jpg","articleSection":["CAVITE","EVENT","NATIONAL","News"],"inLanguage":"en-US","potentialAction":[{"@type":"CommentAction","name":"Comment","target":["https:\/\/cavitetimesjournal.net\/index.php\/2025\/06\/21\/cavite-participates-in-the-127th-commemoration-of-philippine-independence\/#respond"]}]},{"@type":"WebPage","@id":"https:\/\/cavitetimesjournal.net\/index.php\/2025\/06\/21\/cavite-participates-in-the-127th-commemoration-of-philippine-independence\/","url":"https:\/\/cavitetimesjournal.net\/index.php\/2025\/06\/21\/cavite-participates-in-the-127th-commemoration-of-philippine-independence\/","name":"Cavite participates in the 127th commemoration of Philippine Independence - CAVITE TIMES JOURNAL","isPartOf":{"@id":"https:\/\/cavitetimesjournal.net\/#website"},"primaryImageOfPage":{"@id":"https:\/\/cavitetimesjournal.net\/index.php\/2025\/06\/21\/cavite-participates-in-the-127th-commemoration-of-philippine-independence\/#primaryimage"},"image":{"@id":"https:\/\/cavitetimesjournal.net\/index.php\/2025\/06\/21\/cavite-participates-in-the-127th-commemoration-of-philippine-independence\/#primaryimage"},"thumbnailUrl":"https:\/\/cavitetimesjournal.net\/wp-content\/uploads\/2025\/06\/Picture5.jpg","datePublished":"2025-06-21T04:13:51+00:00","dateModified":"2025-06-21T04:13:52+00:00","breadcrumb":{"@id":"https:\/\/cavitetimesjournal.net\/index.php\/2025\/06\/21\/cavite-participates-in-the-127th-commemoration-of-philippine-independence\/#breadcrumb"},"inLanguage":"en-US","potentialAction":[{"@type":"ReadAction","target":["https:\/\/cavitetimesjournal.net\/index.php\/2025\/06\/21\/cavite-participates-in-the-127th-commemoration-of-philippine-independence\/"]}]},{"@type":"ImageObject","inLanguage":"en-US","@id":"https:\/\/cavitetimesjournal.net\/index.php\/2025\/06\/21\/cavite-participates-in-the-127th-commemoration-of-philippine-independence\/#primaryimage","url":"https:\/\/cavitetimesjournal.net\/wp-content\/uploads\/2025\/06\/Picture5.jpg","contentUrl":"https:\/\/cavitetimesjournal.net\/wp-content\/uploads\/2025\/06\/Picture5.jpg","width":1110,"height":666},{"@type":"BreadcrumbList","@id":"https:\/\/cavitetimesjournal.net\/index.php\/2025\/06\/21\/cavite-participates-in-the-127th-commemoration-of-philippine-independence\/#breadcrumb","itemListElement":[{"@type":"ListItem","position":1,"name":"Home","item":"https:\/\/cavitetimesjournal.net\/"},{"@type":"ListItem","position":2,"name":"Cavite participates in the 127th commemoration of Philippine Independence"}]},{"@type":"WebSite","@id":"https:\/\/cavitetimesjournal.net\/#website","url":"https:\/\/cavitetimesjournal.net\/","name":"CAVITE TIMES JOURNAL","description":"PAHAYAGAN NG TUNAY NA CAVITE\u00d1O","publisher":{"@id":"https:\/\/cavitetimesjournal.net\/#organization"},"potentialAction":[{"@type":"SearchAction","target":{"@type":"EntryPoint","urlTemplate":"https:\/\/cavitetimesjournal.net\/?s={search_term_string}"},"query-input":{"@type":"PropertyValueSpecification","valueRequired":true,"valueName":"search_term_string"}}],"inLanguage":"en-US"},{"@type":"Organization","@id":"https:\/\/cavitetimesjournal.net\/#organization","name":"CAVITE TIMES JOURNAL","url":"https:\/\/cavitetimesjournal.net\/","logo":{"@type":"ImageObject","inLanguage":"en-US","@id":"https:\/\/cavitetimesjournal.net\/#\/schema\/logo\/image\/","url":"https:\/\/cavitetimesjournal.net\/wp-content\/uploads\/2023\/11\/CTJ-LOGO.jpg","contentUrl":"https:\/\/cavitetimesjournal.net\/wp-content\/uploads\/2023\/11\/CTJ-LOGO.jpg","width":360,"height":100,"caption":"CAVITE TIMES JOURNAL"},"image":{"@id":"https:\/\/cavitetimesjournal.net\/#\/schema\/logo\/image\/"}},{"@type":"Person","@id":"https:\/\/cavitetimesjournal.net\/#\/schema\/person\/bd853cb635a9b7d9aa2333fe921239a8","name":"CAVITE TIMES JOURNAL","image":{"@type":"ImageObject","inLanguage":"en-US","@id":"https:\/\/cavitetimesjournal.net\/#\/schema\/person\/image\/","url":"https:\/\/secure.gravatar.com\/avatar\/b63de9ec9d02248cd7554f8b3d2c2941?s=96&d=mm&r=g","contentUrl":"https:\/\/secure.gravatar.com\/avatar\/b63de9ec9d02248cd7554f8b3d2c2941?s=96&d=mm&r=g","caption":"CAVITE TIMES JOURNAL"},"url":"https:\/\/cavitetimesjournal.net\/author\/ctj_ronalyn\/"}]}},"_links":{"self":[{"href":"https:\/\/cavitetimesjournal.net\/index.php\/wp-json\/wp\/v2\/posts\/4418","targetHints":{"allow":["GET"]}}],"collection":[{"href":"https:\/\/cavitetimesjournal.net\/index.php\/wp-json\/wp\/v2\/posts"}],"about":[{"href":"https:\/\/cavitetimesjournal.net\/index.php\/wp-json\/wp\/v2\/types\/post"}],"author":[{"embeddable":true,"href":"https:\/\/cavitetimesjournal.net\/index.php\/wp-json\/wp\/v2\/users\/2"}],"replies":[{"embeddable":true,"href":"https:\/\/cavitetimesjournal.net\/index.php\/wp-json\/wp\/v2\/comments?post=4418"}],"version-history":[{"count":1,"href":"https:\/\/cavitetimesjournal.net\/index.php\/wp-json\/wp\/v2\/posts\/4418\/revisions"}],"predecessor-version":[{"id":4420,"href":"https:\/\/cavitetimesjournal.net\/index.php\/wp-json\/wp\/v2\/posts\/4418\/revisions\/4420"}],"wp:featuredmedia":[{"embeddable":true,"href":"https:\/\/cavitetimesjournal.net\/index.php\/wp-json\/wp\/v2\/media\/4419"}],"wp:attachment":[{"href":"https:\/\/cavitetimesjournal.net\/index.php\/wp-json\/wp\/v2\/media?parent=4418"}],"wp:term":[{"taxonomy":"category","embeddable":true,"href":"https:\/\/cavitetimesjournal.net\/index.php\/wp-json\/wp\/v2\/categories?post=4418"},{"taxonomy":"post_tag","embeddable":true,"href":"https:\/\/cavitetimesjournal.net\/index.php\/wp-json\/wp\/v2\/tags?post=4418"}],"curies":[{"name":"wp","href":"https:\/\/api.w.org\/{rel}","templated":true}]}}